{"id":1991,"date":"2023-12-06T22:56:51","date_gmt":"2023-12-06T21:56:51","guid":{"rendered":"https:\/\/www.granhipodromodeandalucia.es\/?p=1991"},"modified":"2023-12-06T22:57:51","modified_gmt":"2023-12-06T21:57:51","slug":"previa-jornada-10-12-2023","status":"publish","type":"post","link":"https:\/\/www.granhipodromodeandalucia.es\/?p=1991","title":{"rendered":"PREVIA JORNADA 10-12-2023"},"content":{"rendered":"\t\t<div data-elementor-type=\"wp-post\" data-elementor-id=\"1991\" class=\"elementor elementor-1991\">\n\t\t\t\t\t\t<section class=\"elementor-section elementor-top-section elementor-element elementor-element-2ea8c4c elementor-section-boxed elementor-section-height-default elementor-section-height-default wpr-particle-no wpr-jarallax-no wpr-parallax-no wpr-sticky-section-no wpr-column-slider-no wpr-equal-height-no\" data-id=\"2ea8c4c\" data-element_type=\"section\" data-e-type=\"section\">\n\t\t\t\t\t\t<div class=\"elementor-container elementor-column-gap-default\">\n\t\t\t\t\t<div class=\"elementor-column elementor-col-100 elementor-top-column elementor-element elementor-element-686f5ae\" data-id=\"686f5ae\" data-element_type=\"column\" data-e-type=\"column\">\n\t\t\t<div class=\"elementor-widget-wrap elementor-element-populated\">\n\t\t\t\t\t\t<div class=\"elementor-element elementor-element-ab45d90 elementor-widget elementor-widget-heading\" data-id=\"ab45d90\" data-element_type=\"widget\" data-e-type=\"widget\" data-widget_type=\"heading.default\">\n\t\t\t\t<div class=\"elementor-widget-container\">\n\t\t\t\t\t<h2 class=\"elementor-heading-title elementor-size-default\">Tercera jornada de la temporada en el Gran Hip\u00f3dromo de Andaluc\u00eda<\/h2>\t\t\t\t<\/div>\n\t\t\t\t<\/div>\n\t\t\t\t\t<\/div>\n\t\t<\/div>\n\t\t\t\t\t<\/div>\n\t\t<\/section>\n\t\t\t\t<section class=\"elementor-section elementor-top-section elementor-element elementor-element-b3b4641 elementor-section-boxed elementor-section-height-default elementor-section-height-default wpr-particle-no wpr-jarallax-no wpr-parallax-no wpr-sticky-section-no wpr-column-slider-no wpr-equal-height-no\" data-id=\"b3b4641\" data-element_type=\"section\" data-e-type=\"section\">\n\t\t\t\t\t\t<div class=\"elementor-container elementor-column-gap-default\">\n\t\t\t\t\t<div class=\"elementor-column elementor-col-100 elementor-top-column elementor-element elementor-element-64fd022\" data-id=\"64fd022\" data-element_type=\"column\" data-e-type=\"column\">\n\t\t\t<div class=\"elementor-widget-wrap elementor-element-populated\">\n\t\t\t\t\t\t<div class=\"elementor-element elementor-element-8c91214 elementor-widget elementor-widget-text-editor\" data-id=\"8c91214\" data-element_type=\"widget\" data-e-type=\"widget\" data-widget_type=\"text-editor.default\">\n\t\t\t\t<div class=\"elementor-widget-container\">\n\t\t\t\t\t\t\t\t\t<p><b style=\"color: #222222; font-family: Calibri, sans-serif; font-size: 14.6667px;\"><span style=\"font-size: 14pt; line-height: 19.9733px;\">D\u00eda dedicado a las Asociaciones de Comercio y Arte de la Ciudad de Dos Hermanas<\/span><\/b><\/p>\t\t\t\t\t\t\t\t<\/div>\n\t\t\t\t<\/div>\n\t\t\t\t\t<\/div>\n\t\t<\/div>\n\t\t\t\t\t<\/div>\n\t\t<\/section>\n\t\t\t\t<section class=\"elementor-section elementor-top-section elementor-element elementor-element-684120c elementor-section-boxed elementor-section-height-default elementor-section-height-default wpr-particle-no wpr-jarallax-no wpr-parallax-no wpr-sticky-section-no wpr-column-slider-no wpr-equal-height-no\" data-id=\"684120c\" data-element_type=\"section\" data-e-type=\"section\">\n\t\t\t\t\t\t<div class=\"elementor-container elementor-column-gap-default\">\n\t\t\t\t\t<div class=\"elementor-column elementor-col-100 elementor-top-column elementor-element elementor-element-1044523\" data-id=\"1044523\" data-element_type=\"column\" data-e-type=\"column\">\n\t\t\t<div class=\"elementor-widget-wrap elementor-element-populated\">\n\t\t\t\t\t\t<div class=\"elementor-element elementor-element-fa89895 elementor-widget elementor-widget-text-editor\" data-id=\"fa89895\" data-element_type=\"widget\" data-e-type=\"widget\" data-widget_type=\"text-editor.default\">\n\t\t\t\t<div class=\"elementor-widget-container\">\n\t\t\t\t\t\t\t\t\t<p><span style=\"font-size: 12pt; color: #222222; font-family: Calibri, sans-serif; font-weight: var( --e-global-typography-text-font-weight );\">El pr\u00f3ximo domingo, 10 de diciembre, se disputar\u00e1 la tercera jornada de la temporada de carreras de caballos en el<\/span><span style=\"font-size: 12pt; color: #222222; font-family: Calibri, sans-serif; font-weight: var( --e-global-typography-text-font-weight );\">\u00a0<\/span><b style=\"font-size: 12pt; color: #222222; font-family: Calibri, sans-serif;\">Gran Hip\u00f3dromo de Andaluc\u00eda \u201cJavier Pi\u00f1ar Hafner\u201d de la localidad sevillana de Dos Hermanas<\/b><span style=\"font-size: 12pt; color: #222222; font-family: Calibri, sans-serif; font-weight: var( --e-global-typography-text-font-weight );\">. Est\u00e1 previsto que se celebren cinco carreras de caballos a galope con hasta cuarenta caballos participantes. La dominical en este recinto deportivo nazareno tendr\u00e1, como en jornadas anteriores,<\/span><span style=\"font-size: 12pt; color: #222222; font-family: Calibri, sans-serif; font-weight: var( --e-global-typography-text-font-weight );\">\u00a0<\/span><b style=\"font-size: 12pt; color: #222222; font-family: Calibri, sans-serif;\">dos carreras a celebrar en la pista de arena y el resto en la de hierba.<\/b><\/p><p style=\"margin: 0cm 0cm 8pt; color: #222222; line-height: 15.6933px; font-size: 11pt; font-family: Calibri, sans-serif;\"><b><span style=\"font-size: 12pt; line-height: 17.12px;\">A partir del mediod\u00eda<\/span><\/b><\/p><p style=\"margin: 0cm 0cm 8pt; color: #222222; line-height: 15.6933px; font-size: 11pt; font-family: Calibri, sans-serif;\"><span style=\"font-size: 12pt; line-height: 17.12px;\">Comienza la jornada a las 12 horas sobre la pista de hierba con el\u00a0<b>Premio Asociaci\u00f3n de Comerciantes San Sebasti\u00e1n,<\/b>\u00a0carrera de venta a disputar sobre una distancia de 1400 metros, con cinco participantes de buen nivel competitivo en la que destacan la presencia de:\u00a0<b>Golden Voice (1) y Telemachus (3).<\/b><\/span><\/p><p style=\"margin: 0cm 0cm 8pt; color: #222222; line-height: 15.6933px; font-size: 11pt; font-family: Calibri, sans-serif;\"><span style=\"font-size: 12pt; line-height: 17.12px;\">La segunda carrera del d\u00eda<b>, Premio Asociaci\u00f3n de Comerciantes Cristo de la Vera Cruz<\/b>, tambi\u00e9n a celebrar en la pista de hierba y sobre la misma distancia de 1400 metros, comenzar\u00e1 a las 12,35 horas con siete caballos en liza. Entre ellos, los favoritos para la victoria son:\u00a0<b>Spirituale (2) y Origen (1)<\/b>.<\/span><\/p><p style=\"margin: 0cm 0cm 8pt; color: #222222; line-height: 15.6933px; font-size: 11pt; font-family: Calibri, sans-serif;\"><span style=\"font-size: 12pt; line-height: 17.12px;\">La tercera y cuarta pruebas de la jornada corresponden al h\u00e1ndicap dividido sobre una distancia de 1900 metros. Ambas, se disputar\u00e1n sobre la pista de arena con una amplia participaci\u00f3n de purasangres. A las 13,10 horas se correr\u00e1 su primera parte,\u00a0<b>Premio Asociaci\u00f3n de Comerciantes del Centro (ASOCENTRO),<\/b>\u00a0en el que habr\u00e1 en los cajones de salida hasta once ejemplares con mucha igualdad y de dif\u00edcil pron\u00f3stico aunque se pueden destacar:\u00a0<b>Sigmund (5), Trujillo (8) y Arenal (4),\u00a0<\/b>con la monta de<b>\u00a0Cristina P\u00e9rez<\/b>. A las 13,45 horas, est\u00e1 previsto que comience la segunda parte de este h\u00e1ndicap,\u00a0<b>Premio Asociaci\u00f3n de Comerciantes Las Avenidas,<\/b>\u00a0con una docena de caballos de menor valor que la anterior, pero en la que se podr\u00edan referenciar como favoritos a\u00a0<b>First Crowd (6), Winton (4) y Pasapalabra (3),<\/b>\u00a0aunque tampoco se puede descartar a\u00a0<b>Ballet Star (1),<\/b>\u00a0con la monta\u00a0<b>del jockey argentino Nico Valle.<\/b><\/span><\/p><p style=\"margin: 0cm 0cm 8pt; color: #222222; line-height: 15.6933px; font-size: 11pt; font-family: Calibri, sans-serif;\"><span style=\"font-size: 12pt; line-height: 17.12px;\">Cierra la jornada el\u00a0<b>Premio Comerciantes Agrupados FENACO,<\/b>\u00a0prueba a disputar sobre 2200 metros sobre el verde nazareno contando con una limitada pero selecta participaci\u00f3n y con el reencuentro con la afici\u00f3n sevillana del gran\u00a0<b>Hipodamo de Mileto (2) de la Cuadra Nanina<\/b>, que es uno de los favoritos del lote aunque no se debe descartar a ninguno de los participantes con nombres como<b>: Go with the wind (5) o Capoeira (3)<\/b>, con la monta del l\u00edder de la estad\u00edstica de jockeys en Espa\u00f1a<b>, el checo Vaclav Janacek.<\/b><\/span><\/p><p style=\"margin: 0cm 0cm 8pt; color: #222222; line-height: 15.6933px; font-size: 11pt; font-family: Calibri, sans-serif;\"><b><span style=\"font-size: 12pt; line-height: 17.12px;\">Entrada y aparcamiento gratuitos<\/span><\/b><\/p><p style=\"margin: 0cm 0cm 8pt; color: #222222; line-height: 15.6933px; font-size: 11pt; font-family: Calibri, sans-serif;\"><span style=\"font-size: 12pt; line-height: 17.12px;\">El GHA por sus caracter\u00edsticas es un recinto deportivo \u00fanico en Andaluc\u00eda donde se puede disfrutar del mundo de las carreras de caballos en unas instalaciones mod\u00e9licas con amplio grader\u00edo y aparcamiento, zona para los m\u00e1s j\u00f3venes y una amplia oferta gastron\u00f3mica distribuida en varios espacios de restauraci\u00f3n para acompa\u00f1ar la emoci\u00f3n y pasi\u00f3n del turf. El acceso al GHA es gratuito, al igual que el aparcamiento. Comienza la jornada a las 12 horas.\u00a0<\/span><span style=\"font-size: 16px; font-weight: var( --e-global-typography-text-font-weight );\">No se lo pierda. El que va, repite\u2026<\/span><\/p>\t\t\t\t\t\t\t\t<\/div>\n\t\t\t\t<\/div>\n\t\t\t\t\t<\/div>\n\t\t<\/div>\n\t\t\t\t\t<\/div>\n\t\t<\/section>\n\t\t\t\t<section class=\"elementor-section elementor-top-section elementor-element elementor-element-535df62 elementor-section-boxed elementor-section-height-default elementor-section-height-default wpr-particle-no wpr-jarallax-no wpr-parallax-no wpr-sticky-section-no wpr-column-slider-no wpr-equal-height-no\" data-id=\"535df62\" data-element_type=\"section\" data-e-type=\"section\">\n\t\t\t\t\t\t<div class=\"elementor-container elementor-column-gap-default\">\n\t\t\t\t\t<div class=\"elementor-column elementor-col-100 elementor-top-column elementor-element elementor-element-c419056\" data-id=\"c419056\" data-element_type=\"column\" data-e-type=\"column\">\n\t\t\t<div class=\"elementor-widget-wrap elementor-element-populated\">\n\t\t\t\t\t\t<div class=\"elementor-element elementor-element-59eca4a elementor-widget elementor-widget-image\" data-id=\"59eca4a\" data-element_type=\"widget\" data-e-type=\"widget\" data-widget_type=\"image.default\">\n\t\t\t\t<div class=\"elementor-widget-container\">\n\t\t\t\t\t\t\t\t\t\t\t\t\t\t\t<img fetchpriority=\"high\" decoding=\"async\" width=\"724\" height=\"1024\" src=\"https:\/\/www.granhipodromodeandalucia.es\/wp-content\/uploads\/2023\/12\/CARTEL-PRENSA-10-12-23_page-0001-1-724x1024.jpg\" class=\"attachment-large size-large wp-image-1993\" alt=\"\" srcset=\"https:\/\/www.granhipodromodeandalucia.es\/wp-content\/uploads\/2023\/12\/CARTEL-PRENSA-10-12-23_page-0001-1-724x1024.jpg 724w, https:\/\/www.granhipodromodeandalucia.es\/wp-content\/uploads\/2023\/12\/CARTEL-PRENSA-10-12-23_page-0001-1-212x300.jpg 212w, https:\/\/www.granhipodromodeandalucia.es\/wp-content\/uploads\/2023\/12\/CARTEL-PRENSA-10-12-23_page-0001-1-768x1086.jpg 768w, https:\/\/www.granhipodromodeandalucia.es\/wp-content\/uploads\/2023\/12\/CARTEL-PRENSA-10-12-23_page-0001-1-1086x1536.jpg 1086w, https:\/\/www.granhipodromodeandalucia.es\/wp-content\/uploads\/2023\/12\/CARTEL-PRENSA-10-12-23_page-0001-1-1448x2048.jpg 1448w, https:\/\/www.granhipodromodeandalucia.es\/wp-content\/uploads\/2023\/12\/CARTEL-PRENSA-10-12-23_page-0001-1-scaled.jpg 1810w\" sizes=\"(max-width: 724px) 100vw, 724px\" \/>\t\t\t\t\t\t\t\t\t\t\t\t\t\t\t<\/div>\n\t\t\t\t<\/div>\n\t\t\t\t\t<\/div>\n\t\t<\/div>\n\t\t\t\t\t<\/div>\n\t\t<\/section>\n\t\t\t\t<\/div>\n\t\t","protected":false},"excerpt":{"rendered":"<p>Tercera jornada de la temporada en el Gran Hip\u00f3dromo de Andaluc\u00eda D\u00eda dedicado a las Asociaciones de Comercio y Arte de la Ciudad de Dos Hermanas El pr\u00f3ximo domingo, 10 de diciembre, se disputar\u00e1 la tercera jornada de la temporada de carreras de caballos en el\u00a0Gran Hip\u00f3dromo de Andaluc\u00eda \u201cJavier<\/p>\n","protected":false},"author":5,"featured_media":1993,"comment_status":"open","ping_status":"open","sticky":false,"template":"","format":"standard","meta":{"_monsterinsights_skip_tracking":false,"_themeisle_gutenberg_block_has_review":false,"footnotes":""},"categories":[4],"tags":[],"class_list":["post-1991","post","type-post","status-publish","format-standard","has-post-thumbnail","hentry","category-noticias"],"_links":{"self":[{"href":"https:\/\/www.granhipodromodeandalucia.es\/index.php?rest_route=\/wp\/v2\/posts\/1991","targetHints":{"allow":["GET"]}}],"collection":[{"href":"https:\/\/www.granhipodromodeandalucia.es\/index.php?rest_route=\/wp\/v2\/posts"}],"about":[{"href":"https:\/\/www.granhipodromodeandalucia.es\/index.php?rest_route=\/wp\/v2\/types\/post"}],"author":[{"embeddable":true,"href":"https:\/\/www.granhipodromodeandalucia.es\/index.php?rest_route=\/wp\/v2\/users\/5"}],"replies":[{"embeddable":true,"href":"https:\/\/www.granhipodromodeandalucia.es\/index.php?rest_route=%2Fwp%2Fv2%2Fcomments&post=1991"}],"version-history":[{"count":3,"href":"https:\/\/www.granhipodromodeandalucia.es\/index.php?rest_route=\/wp\/v2\/posts\/1991\/revisions"}],"predecessor-version":[{"id":1996,"href":"https:\/\/www.granhipodromodeandalucia.es\/index.php?rest_route=\/wp\/v2\/posts\/1991\/revisions\/1996"}],"wp:featuredmedia":[{"embeddable":true,"href":"https:\/\/www.granhipodromodeandalucia.es\/index.php?rest_route=\/wp\/v2\/media\/1993"}],"wp:attachment":[{"href":"https:\/\/www.granhipodromodeandalucia.es\/index.php?rest_route=%2Fwp%2Fv2%2Fmedia&parent=1991"}],"wp:term":[{"taxonomy":"category","embeddable":true,"href":"https:\/\/www.granhipodromodeandalucia.es\/index.php?rest_route=%2Fwp%2Fv2%2Fcategories&post=1991"},{"taxonomy":"post_tag","embeddable":true,"href":"https:\/\/www.granhipodromodeandalucia.es\/index.php?rest_route=%2Fwp%2Fv2%2Ftags&post=1991"}],"curies":[{"name":"wp","href":"https:\/\/api.w.org\/{rel}","templated":true}]}}