{"id":2048,"date":"2023-12-23T22:59:17","date_gmt":"2023-12-23T21:59:17","guid":{"rendered":"https:\/\/www.granhipodromodeandalucia.es\/?p=2048"},"modified":"2023-12-23T23:00:57","modified_gmt":"2023-12-23T22:00:57","slug":"cronica-jornada-23-12-2023","status":"publish","type":"post","link":"https:\/\/www.granhipodromodeandalucia.es\/?p=2048","title":{"rendered":"CR\u00d3NICA JORNADA 23-12-2023"},"content":{"rendered":"\t\t<div data-elementor-type=\"wp-post\" data-elementor-id=\"2048\" class=\"elementor elementor-2048\">\n\t\t\t\t\t\t<section class=\"elementor-section elementor-top-section elementor-element elementor-element-6e4bfaf elementor-section-boxed elementor-section-height-default elementor-section-height-default wpr-particle-no wpr-jarallax-no wpr-parallax-no wpr-sticky-section-no wpr-column-slider-no wpr-equal-height-no\" data-id=\"6e4bfaf\" data-element_type=\"section\" data-e-type=\"section\">\n\t\t\t\t\t\t<div class=\"elementor-container elementor-column-gap-default\">\n\t\t\t\t\t<div class=\"elementor-column elementor-col-100 elementor-top-column elementor-element elementor-element-05019dd\" data-id=\"05019dd\" data-element_type=\"column\" data-e-type=\"column\">\n\t\t\t<div class=\"elementor-widget-wrap elementor-element-populated\">\n\t\t\t\t\t\t<div class=\"elementor-element elementor-element-ea3055f elementor-widget elementor-widget-heading\" data-id=\"ea3055f\" data-element_type=\"widget\" data-e-type=\"widget\" data-widget_type=\"heading.default\">\n\t\t\t\t<div class=\"elementor-widget-container\">\n\t\t\t\t\t<h2 class=\"elementor-heading-title elementor-size-default\">Doblete victorioso del entrenador \u00d3scar Anaya en la previa de Navidad en el Gran Hip\u00f3dromo de Andaluc\u00eda<\/h2>\t\t\t\t<\/div>\n\t\t\t\t<\/div>\n\t\t\t\t\t<\/div>\n\t\t<\/div>\n\t\t\t\t\t<\/div>\n\t\t<\/section>\n\t\t\t\t<section class=\"elementor-section elementor-top-section elementor-element elementor-element-999790c elementor-section-boxed elementor-section-height-default elementor-section-height-default wpr-particle-no wpr-jarallax-no wpr-parallax-no wpr-sticky-section-no wpr-column-slider-no wpr-equal-height-no\" data-id=\"999790c\" data-element_type=\"section\" data-e-type=\"section\">\n\t\t\t\t\t\t<div class=\"elementor-container elementor-column-gap-default\">\n\t\t\t\t\t<div class=\"elementor-column elementor-col-100 elementor-top-column elementor-element elementor-element-fc687fb\" data-id=\"fc687fb\" data-element_type=\"column\" data-e-type=\"column\">\n\t\t\t<div class=\"elementor-widget-wrap elementor-element-populated\">\n\t\t\t\t\t\t<div class=\"elementor-element elementor-element-d67ced6 elementor-widget elementor-widget-text-editor\" data-id=\"d67ced6\" data-element_type=\"widget\" data-e-type=\"widget\" data-widget_type=\"text-editor.default\">\n\t\t\t\t<div class=\"elementor-widget-container\">\n\t\t\t\t\t\t\t\t\t<p><span style=\"font-weight: bold; color: #222222; font-family: Calibri, sans-serif; font-size: 14.6667px;\"><span style=\"font-size: 14pt; line-height: 19.7867px;\"><b>El jockey Vaclav Janacek sigue sumando en la estad\u00edstica con la victoria ochenta y dos de la temporada.<\/b><\/span><\/span><\/p>\t\t\t\t\t\t\t\t<\/div>\n\t\t\t\t<\/div>\n\t\t\t\t\t<\/div>\n\t\t<\/div>\n\t\t\t\t\t<\/div>\n\t\t<\/section>\n\t\t\t\t<section class=\"elementor-section elementor-top-section elementor-element elementor-element-0836ca3 elementor-section-boxed elementor-section-height-default elementor-section-height-default wpr-particle-no wpr-jarallax-no wpr-parallax-no wpr-sticky-section-no wpr-column-slider-no wpr-equal-height-no\" data-id=\"0836ca3\" data-element_type=\"section\" data-e-type=\"section\">\n\t\t\t\t\t\t<div class=\"elementor-container elementor-column-gap-default\">\n\t\t\t\t\t<div class=\"elementor-column elementor-col-100 elementor-top-column elementor-element elementor-element-ed7ca8d\" data-id=\"ed7ca8d\" data-element_type=\"column\" data-e-type=\"column\">\n\t\t\t<div class=\"elementor-widget-wrap elementor-element-populated\">\n\t\t\t\t\t\t<div class=\"elementor-element elementor-element-a3bb6bc elementor-widget elementor-widget-image\" data-id=\"a3bb6bc\" data-element_type=\"widget\" data-e-type=\"widget\" data-widget_type=\"image.default\">\n\t\t\t\t<div class=\"elementor-widget-container\">\n\t\t\t\t\t\t\t\t\t\t\t\t\t\t\t<img fetchpriority=\"high\" decoding=\"async\" width=\"750\" height=\"535\" src=\"https:\/\/www.granhipodromodeandalucia.es\/wp-content\/uploads\/2023\/12\/IMG-20231223-WA0063-1024x730.jpg\" class=\"attachment-large size-large wp-image-2049\" alt=\"\" srcset=\"https:\/\/www.granhipodromodeandalucia.es\/wp-content\/uploads\/2023\/12\/IMG-20231223-WA0063-1024x730.jpg 1024w, https:\/\/www.granhipodromodeandalucia.es\/wp-content\/uploads\/2023\/12\/IMG-20231223-WA0063-300x214.jpg 300w, https:\/\/www.granhipodromodeandalucia.es\/wp-content\/uploads\/2023\/12\/IMG-20231223-WA0063-768x547.jpg 768w, https:\/\/www.granhipodromodeandalucia.es\/wp-content\/uploads\/2023\/12\/IMG-20231223-WA0063-1536x1094.jpg 1536w, https:\/\/www.granhipodromodeandalucia.es\/wp-content\/uploads\/2023\/12\/IMG-20231223-WA0063.jpg 2048w\" sizes=\"(max-width: 750px) 100vw, 750px\" \/>\t\t\t\t\t\t\t\t\t\t\t\t\t\t\t<\/div>\n\t\t\t\t<\/div>\n\t\t\t\t\t<\/div>\n\t\t<\/div>\n\t\t\t\t\t<\/div>\n\t\t<\/section>\n\t\t\t\t<section class=\"elementor-section elementor-top-section elementor-element elementor-element-577ed2b elementor-section-boxed elementor-section-height-default elementor-section-height-default wpr-particle-no wpr-jarallax-no wpr-parallax-no wpr-sticky-section-no wpr-column-slider-no wpr-equal-height-no\" data-id=\"577ed2b\" data-element_type=\"section\" data-e-type=\"section\">\n\t\t\t\t\t\t<div class=\"elementor-container elementor-column-gap-default\">\n\t\t\t\t\t<div class=\"elementor-column elementor-col-100 elementor-top-column elementor-element elementor-element-1749671\" data-id=\"1749671\" data-element_type=\"column\" data-e-type=\"column\">\n\t\t\t<div class=\"elementor-widget-wrap elementor-element-populated\">\n\t\t\t\t\t\t<div class=\"elementor-element elementor-element-00c7f07 elementor-widget elementor-widget-text-editor\" data-id=\"00c7f07\" data-element_type=\"widget\" data-e-type=\"widget\" data-widget_type=\"text-editor.default\">\n\t\t\t\t<div class=\"elementor-widget-container\">\n\t\t\t\t\t\t\t\t\t<p>Fotograf\u00eda: Diego Cau\u00f1ago.<\/p>\t\t\t\t\t\t\t\t<\/div>\n\t\t\t\t<\/div>\n\t\t\t\t\t<\/div>\n\t\t<\/div>\n\t\t\t\t\t<\/div>\n\t\t<\/section>\n\t\t\t\t<section class=\"elementor-section elementor-top-section elementor-element elementor-element-e2b548f elementor-section-boxed elementor-section-height-default elementor-section-height-default wpr-particle-no wpr-jarallax-no wpr-parallax-no wpr-sticky-section-no wpr-column-slider-no wpr-equal-height-no\" data-id=\"e2b548f\" data-element_type=\"section\" data-e-type=\"section\">\n\t\t\t\t\t\t<div class=\"elementor-container elementor-column-gap-default\">\n\t\t\t\t\t<div class=\"elementor-column elementor-col-100 elementor-top-column elementor-element elementor-element-befb600\" data-id=\"befb600\" data-element_type=\"column\" data-e-type=\"column\">\n\t\t\t<div class=\"elementor-widget-wrap elementor-element-populated\">\n\t\t\t\t\t\t<div class=\"elementor-element elementor-element-c84c293 elementor-widget elementor-widget-text-editor\" data-id=\"c84c293\" data-element_type=\"widget\" data-e-type=\"widget\" data-widget_type=\"text-editor.default\">\n\t\t\t\t<div class=\"elementor-widget-container\">\n\t\t\t\t\t\t\t\t\t<p style=\"margin: 0cm 0cm 8pt; color: #222222; line-height: 15.6933px; font-size: 11pt; font-family: Calibri, sans-serif;\">En el Gran Hip\u00f3dromo de Andaluc\u00eda \u201cJavier Pi\u00f1ar Hafner\u201d de la Ciudad de Dos Hermanas disput\u00f3, este s\u00e1bado, la quinta jornada de la temporada en la que el entrenador argentino \u00d3scar Anaya consigui\u00f3 dos victorias con\u00a0<b>Machu Picchu y Sleven<\/b>\u00a0en las dos primeras pruebas celebradas en la pista de arena. El jockey checo\u00a0<b>Vaclav Janacek<\/b>\u00a0sum\u00f3 una nueva victoria con\u00a0<b>Texeira<\/b>\u00a0con lo que ya suma ochenta y dos primeros puestos en el a\u00f1o de la temporada espa\u00f1ola. La jornada en s\u00e1bado atrajo algo menos p\u00fablico que en las dominicales anteriores en un d\u00eda magn\u00edfico en esta bella localidad sevillana con las pistas en buen estado.\u00a0\u00a0\u00a0\u00a0\u00a0\u00a0\u00a0<\/p><p style=\"margin: 0cm 0cm 8pt; color: #222222; line-height: 15.6933px; font-size: 11pt; font-family: Calibri, sans-serif;\">Se inici\u00f3 la pen\u00faltima jornada en este recinto deportivo nazareno en la pista de arena con el\u00a0<b>Premio Crecer con Futuro<\/b>, reclamar reservado para amazonas y gentlemen con caballos y yeguas de cuatro a\u00f1os en adelante disputada sobre una distancia de 2000 metros en el que se impuso con gran facilidad\u00a0<b>Machu Picchu<\/b>\u00a0con una medida monta de la amazona\u00a0<b>Roc\u00edo Rela\u00f1o<\/b>. Tras un inicio marcando al resto del lote, una vez concluida la primera curva se puso en cabeza hasta el espejo de meta, ganando por los palos de forma clara. Demostr\u00f3 que est\u00e1 muy por encima del resto de grupo. Gan\u00f3 el favorito del lote. Entraron en el tr\u00edo vencedor\u00a0<b>Baby Groom<\/b>\u00a0con la fusta de\u00a0<b>Diego Sarabia y Hades<\/b>, que pag\u00f3 el esfuerzo inicial en la carrera.<\/p><p style=\"margin: 0cm 0cm 8pt; color: #222222; line-height: 15.6933px; font-size: 11pt; font-family: Calibri, sans-serif;\">La segunda carrera del d\u00eda,\u00a0<b>Premio ONG Nazarena para la Esperanza,<\/b>\u00a0tambi\u00e9n se disput\u00f3 sobre la pista de arena en esta ocasi\u00f3n sobre una distancia de 1500 metros y reservada para potros y potrancas de dos a\u00f1os en la se impuso\u00a0<b>Sleven de la Cuadra Diaz Ramos<\/b>\u00a0con la fusta del argentino\u00a0<b>Nico Valle.<\/b>\u00a0Segundo ejemplar de \u00d3scar Anaya que pas\u00f3 por ganadores. Gan\u00f3 con un gran remate y emocionante llegada sobre\u00a0<b>Chiquit\u00edn<\/b>\u00a0con la silla de\u00a0<b>Nicol\u00e1s de Juli\u00e1n<\/b>. Entr\u00f3 en la tercera posici\u00f3n, otro ejemplar de Anaya,\u00a0<b>Misstifly<\/b>, a tres cuerpos y medio de la gemela. Fueron finalmente s\u00f3lo seis ejemplares ya que fueron retirados, el favorito\u00a0<b>Magic Light,\u00a0<\/b>adem\u00e1s de<b>\u00a0Petite Claire.<\/b><\/p><p style=\"margin: 0cm 0cm 8pt; color: #222222; line-height: 15.6933px; font-size: 11pt; font-family: Calibri, sans-serif;\">Once purasangres participaron en la tercera prueba de este s\u00e1bado,\u00a0<b>Premio Sonr\u00ede \u00c1frica,<\/b>\u00a0h\u00e1ndicap de referencia para caballos y yeguas de tres a\u00f1os en adelante, disputado en la pista de hierba sobre una distancia de 1600 metros. Tuvo como vencedor a\u00a0<b>Bidul\u00a0<\/b>con una gran monta de\u00a0<b>Jaime Gelabert<\/b>\u00a0que luch\u00f3 de forma ardua para la victoria con\u00a0<b>Brib\u00f3n<\/b>\u00a0con la fusta de Brenys Estupi\u00f1an. El cinco a\u00f1os de la\u00a0<b>Cuadra Mirinda Racing<\/b>, viniendo desde atr\u00e1s y por el exterior del verde gan\u00f3 por un suspiro en una muy ajustada y emocionante llegada. Entr\u00f3 en el tr\u00edo ganador\u00a0<b>Irma<\/b>\u00a0con la silla de\u00a0<b>Denisa Sikorova<\/b>\u00a0a tres cuerpos y medio de la gemela.<\/p><p style=\"margin: 0cm 0cm 8pt; color: #222222; line-height: 15.6933px; font-size: 11pt; font-family: Calibri, sans-serif;\">El\u00a0<b>Premio Dos Hermanas Solidaria<\/b>, fue la cuarta entrega del d\u00eda. Esta carrera para potros y potrancas de tres a\u00f1os tuvo al debutante\u00a0<b>Jonah\u00b4s Lad<\/b>\u00a0con una magn\u00edfica monta de\u00a0<b>Nicol\u00e1s de Juli\u00e1n<\/b>\u00a0como vencedor del lote formado por once ejemplares. Esta carrera celebrada en la pista de hierba sobre una distancia de 1600 metros la gan\u00f3 el entrenado por\u00a0<b>\u00c1lvaro Soto<\/b>\u00a0por el centro de la pista sobre el favorito\u00a0<b>Brigadoon<\/b>\u00a0al que se le hizo largo el metraje de la prueba. A solo un cuerpo de la gemela entr\u00f3 en meta\u00a0<b>Afrodita.<\/b>\u00a0\u00a0<\/p><p style=\"margin: 0cm 0cm 8pt; color: #222222; line-height: 15.6933px; font-size: 11pt; font-family: Calibri, sans-serif;\">Concluy\u00f3 la jornada con el\u00a0<b>Premio EducAccONG<\/b>, prueba celebrada con caballos y yeguas de tres a\u00f1os en adelante sobre en una distancia de 2200 metros sobre la pista de hierba. Este h\u00e1ndicap descendente de categor\u00eda c, el de mayor dotaci\u00f3n del d\u00eda, tuvo a una decena de purasangres en carrera en la que volvi\u00f3 a ganar el\u00a0<b>jockey Vaclav Janacek<\/b>, sumando su victoria n\u00famero ochenta y dos, con la monta de\u00a0<b>Texeira de la Cuadra Canter<\/b>. El checo control\u00f3 en todo momento la prueba. Ya en la recta final su fusta puso al tres a\u00f1os entrenado por Sandro Tsereteli en primera posici\u00f3n hasta el poste de meta. Varios ejemplares pujaron por el tr\u00edo ganador consigui\u00e9ndolo finalmente\u00a0<b>Stelvio y Gran Belga<\/b>, respectivamente segundo y tercero.\u00a0\u00a0<\/p>\t\t\t\t\t\t\t\t<\/div>\n\t\t\t\t<\/div>\n\t\t\t\t\t<\/div>\n\t\t<\/div>\n\t\t\t\t\t<\/div>\n\t\t<\/section>\n\t\t\t\t<\/div>\n\t\t","protected":false},"excerpt":{"rendered":"<p>Doblete victorioso del entrenador \u00d3scar Anaya en la previa de Navidad en el Gran Hip\u00f3dromo de Andaluc\u00eda El jockey Vaclav Janacek sigue sumando en la estad\u00edstica con la victoria ochenta y dos de la temporada. Fotograf\u00eda: Diego Cau\u00f1ago. En el Gran Hip\u00f3dromo de Andaluc\u00eda \u201cJavier Pi\u00f1ar Hafner\u201d de la Ciudad<\/p>\n","protected":false},"author":5,"featured_media":2049,"comment_status":"open","ping_status":"open","sticky":false,"template":"","format":"standard","meta":{"_monsterinsights_skip_tracking":false,"_themeisle_gutenberg_block_has_review":false,"footnotes":""},"categories":[4],"tags":[],"class_list":["post-2048","post","type-post","status-publish","format-standard","has-post-thumbnail","hentry","category-noticias"],"_links":{"self":[{"href":"https:\/\/www.granhipodromodeandalucia.es\/index.php?rest_route=\/wp\/v2\/posts\/2048","targetHints":{"allow":["GET"]}}],"collection":[{"href":"https:\/\/www.granhipodromodeandalucia.es\/index.php?rest_route=\/wp\/v2\/posts"}],"about":[{"href":"https:\/\/www.granhipodromodeandalucia.es\/index.php?rest_route=\/wp\/v2\/types\/post"}],"author":[{"embeddable":true,"href":"https:\/\/www.granhipodromodeandalucia.es\/index.php?rest_route=\/wp\/v2\/users\/5"}],"replies":[{"embeddable":true,"href":"https:\/\/www.granhipodromodeandalucia.es\/index.php?rest_route=%2Fwp%2Fv2%2Fcomments&post=2048"}],"version-history":[{"count":3,"href":"https:\/\/www.granhipodromodeandalucia.es\/index.php?rest_route=\/wp\/v2\/posts\/2048\/revisions"}],"predecessor-version":[{"id":2052,"href":"https:\/\/www.granhipodromodeandalucia.es\/index.php?rest_route=\/wp\/v2\/posts\/2048\/revisions\/2052"}],"wp:featuredmedia":[{"embeddable":true,"href":"https:\/\/www.granhipodromodeandalucia.es\/index.php?rest_route=\/wp\/v2\/media\/2049"}],"wp:attachment":[{"href":"https:\/\/www.granhipodromodeandalucia.es\/index.php?rest_route=%2Fwp%2Fv2%2Fmedia&parent=2048"}],"wp:term":[{"taxonomy":"category","embeddable":true,"href":"https:\/\/www.granhipodromodeandalucia.es\/index.php?rest_route=%2Fwp%2Fv2%2Fcategories&post=2048"},{"taxonomy":"post_tag","embeddable":true,"href":"https:\/\/www.granhipodromodeandalucia.es\/index.php?rest_route=%2Fwp%2Fv2%2Ftags&post=2048"}],"curies":[{"name":"wp","href":"https:\/\/api.w.org\/{rel}","templated":true}]}}