{"id":2201,"date":"2024-02-04T23:21:57","date_gmt":"2024-02-04T22:21:57","guid":{"rendered":"https:\/\/www.granhipodromodeandalucia.es\/?p=2201"},"modified":"2024-02-04T23:25:04","modified_gmt":"2024-02-04T22:25:04","slug":"cronica-jornada-04-02-2024","status":"publish","type":"post","link":"https:\/\/www.granhipodromodeandalucia.es\/?p=2201","title":{"rendered":"CR\u00d3NICA JORNADA 04-02-2024"},"content":{"rendered":"\t\t<div data-elementor-type=\"wp-post\" data-elementor-id=\"2201\" class=\"elementor elementor-2201\">\n\t\t\t\t\t\t<section class=\"elementor-section elementor-top-section elementor-element elementor-element-acb1784 elementor-section-boxed elementor-section-height-default elementor-section-height-default wpr-particle-no wpr-jarallax-no wpr-parallax-no wpr-sticky-section-no wpr-column-slider-no wpr-equal-height-no\" data-id=\"acb1784\" data-element_type=\"section\" data-e-type=\"section\">\n\t\t\t\t\t\t<div class=\"elementor-container elementor-column-gap-default\">\n\t\t\t\t\t<div class=\"elementor-column elementor-col-100 elementor-top-column elementor-element elementor-element-51cc8d0\" data-id=\"51cc8d0\" data-element_type=\"column\" data-e-type=\"column\">\n\t\t\t<div class=\"elementor-widget-wrap elementor-element-populated\">\n\t\t\t\t\t\t<div class=\"elementor-element elementor-element-73e1cba elementor-widget elementor-widget-heading\" data-id=\"73e1cba\" data-element_type=\"widget\" data-e-type=\"widget\" data-widget_type=\"heading.default\">\n\t\t\t\t<div class=\"elementor-widget-container\">\n\t\t\t\t\t<h2 class=\"elementor-heading-title elementor-size-default\">Doblete vencedor de V\u00e1clav Jan\u00e1\u010dek en el Gran Hip\u00f3dromo de Andaluc\u00eda<\/h2>\t\t\t\t<\/div>\n\t\t\t\t<\/div>\n\t\t\t\t\t<\/div>\n\t\t<\/div>\n\t\t\t\t\t<\/div>\n\t\t<\/section>\n\t\t\t\t<section class=\"elementor-section elementor-top-section elementor-element elementor-element-9566298 elementor-section-boxed elementor-section-height-default elementor-section-height-default wpr-particle-no wpr-jarallax-no wpr-parallax-no wpr-sticky-section-no wpr-column-slider-no wpr-equal-height-no\" data-id=\"9566298\" data-element_type=\"section\" data-e-type=\"section\">\n\t\t\t\t\t\t<div class=\"elementor-container elementor-column-gap-default\">\n\t\t\t\t\t<div class=\"elementor-column elementor-col-100 elementor-top-column elementor-element elementor-element-b89bfa7\" data-id=\"b89bfa7\" data-element_type=\"column\" data-e-type=\"column\">\n\t\t\t<div class=\"elementor-widget-wrap elementor-element-populated\">\n\t\t\t\t\t\t<div class=\"elementor-element elementor-element-d93ea43 elementor-widget elementor-widget-image\" data-id=\"d93ea43\" data-element_type=\"widget\" data-e-type=\"widget\" data-widget_type=\"image.default\">\n\t\t\t\t<div class=\"elementor-widget-container\">\n\t\t\t\t\t\t\t\t\t\t\t\t\t\t\t<img fetchpriority=\"high\" decoding=\"async\" width=\"750\" height=\"432\" src=\"https:\/\/www.granhipodromodeandalucia.es\/wp-content\/uploads\/2024\/02\/Imagen-de-WhatsApp-2024-02-04-a-las-20.20.58_05806c36-1-1024x590.jpg\" class=\"attachment-large size-large wp-image-2202\" alt=\"\" srcset=\"https:\/\/www.granhipodromodeandalucia.es\/wp-content\/uploads\/2024\/02\/Imagen-de-WhatsApp-2024-02-04-a-las-20.20.58_05806c36-1-1024x590.jpg 1024w, https:\/\/www.granhipodromodeandalucia.es\/wp-content\/uploads\/2024\/02\/Imagen-de-WhatsApp-2024-02-04-a-las-20.20.58_05806c36-1-300x173.jpg 300w, https:\/\/www.granhipodromodeandalucia.es\/wp-content\/uploads\/2024\/02\/Imagen-de-WhatsApp-2024-02-04-a-las-20.20.58_05806c36-1-768x442.jpg 768w, https:\/\/www.granhipodromodeandalucia.es\/wp-content\/uploads\/2024\/02\/Imagen-de-WhatsApp-2024-02-04-a-las-20.20.58_05806c36-1.jpg 1457w\" sizes=\"(max-width: 750px) 100vw, 750px\" \/>\t\t\t\t\t\t\t\t\t\t\t\t\t\t\t<\/div>\n\t\t\t\t<\/div>\n\t\t\t\t\t<\/div>\n\t\t<\/div>\n\t\t\t\t\t<\/div>\n\t\t<\/section>\n\t\t\t\t<section class=\"elementor-section elementor-top-section elementor-element elementor-element-6a168fe elementor-section-boxed elementor-section-height-default elementor-section-height-default wpr-particle-no wpr-jarallax-no wpr-parallax-no wpr-sticky-section-no wpr-column-slider-no wpr-equal-height-no\" data-id=\"6a168fe\" data-element_type=\"section\" data-e-type=\"section\">\n\t\t\t\t\t\t<div class=\"elementor-container elementor-column-gap-default\">\n\t\t\t\t\t<div class=\"elementor-column elementor-col-100 elementor-top-column elementor-element elementor-element-06a8619\" data-id=\"06a8619\" data-element_type=\"column\" data-e-type=\"column\">\n\t\t\t<div class=\"elementor-widget-wrap elementor-element-populated\">\n\t\t\t\t\t\t<div class=\"elementor-element elementor-element-ed23b54 elementor-widget elementor-widget-text-editor\" data-id=\"ed23b54\" data-element_type=\"widget\" data-e-type=\"widget\" data-widget_type=\"text-editor.default\">\n\t\t\t\t<div class=\"elementor-widget-container\">\n\t\t\t\t\t\t\t\t\t<p style=\"text-align: right;\">V\u00e1clav Jan\u00e1cek con la monta de Nordeste cruza la l\u00ednea de meta<i> <\/i>\/ <strong>Esteban Romera<\/strong><\/p>\t\t\t\t\t\t\t\t<\/div>\n\t\t\t\t<\/div>\n\t\t\t\t\t<\/div>\n\t\t<\/div>\n\t\t\t\t\t<\/div>\n\t\t<\/section>\n\t\t\t\t<section class=\"elementor-section elementor-top-section elementor-element elementor-element-4860e78 elementor-section-boxed elementor-section-height-default elementor-section-height-default wpr-particle-no wpr-jarallax-no wpr-parallax-no wpr-sticky-section-no wpr-column-slider-no wpr-equal-height-no\" data-id=\"4860e78\" data-element_type=\"section\" data-e-type=\"section\">\n\t\t\t\t\t\t<div class=\"elementor-container elementor-column-gap-default\">\n\t\t\t\t\t<div class=\"elementor-column elementor-col-100 elementor-top-column elementor-element elementor-element-2909dde\" data-id=\"2909dde\" data-element_type=\"column\" data-e-type=\"column\">\n\t\t\t<div class=\"elementor-widget-wrap elementor-element-populated\">\n\t\t\t\t\t\t<div class=\"elementor-element elementor-element-3a1407d elementor-widget elementor-widget-text-editor\" data-id=\"3a1407d\" data-element_type=\"widget\" data-e-type=\"widget\" data-widget_type=\"text-editor.default\">\n\t\t\t\t<div class=\"elementor-widget-container\">\n\t\t\t\t\t\t\t\t\t<p style=\"font-weight: 400;\">El<span>\u00a0<\/span><strong>Gran Hip\u00f3dromo de Andaluc\u00eda \u201cJavier Pi\u00f1ar Hafner\u201d de la localidad sevillana de Dos Hermanas<span>\u00a0<\/span><\/strong>acogi\u00f3 la d\u00e9cima jornada de la temporada en la que destacaron las dos victorias del jockey checo<span>\u00a0<\/span><strong>Vaclav Janacek<\/strong><span>\u00a0<\/span>con<span>\u00a0<\/span><strong>Taormina y Nordeste<\/strong>. Tambi\u00e9n consiguieron victorias<span>\u00a0<\/span><strong>Borja Fayos con Dabespir, Nico Valle con Robl\u00f3n y Nicol\u00e1s de Juli\u00e1n con Astimegoesby.<span>\u00a0<\/span><\/strong>Mucho p\u00fablico, de nuevo, en este recinto deportivo en una jornada primaveral.<\/p><p style=\"font-weight: 400;\">Comenz\u00f3 la jornada con el<span>\u00a0<\/span><strong>Premio Diario de Sevilla<\/strong><span>\u00a0<\/span>disputado sobre una distancia 1.900 metros sobre la pista de arena. Esta prueba de venta reservada para potros y potranca de tres a\u00f1os tuvo como vencedora a<span>\u00a0<\/span><strong>Taormina<span>\u00a0<\/span><\/strong>de la<span>\u00a0<\/span><strong>Cuadra Bidasoa<\/strong><span>\u00a0<\/span>con una magn\u00edfica y medida monta de<span>\u00a0<\/span><strong>Vaclav Janacek.<span>\u00a0<\/span><\/strong>Esta tres a\u00f1os entrenada por<span>\u00a0<\/span><strong>Guillermo Arizkorreta<\/strong><span>\u00a0<\/span>viniendo desde atr\u00e1s remat\u00f3 con fuerza para ganar por medio cuerpo de ventaja sobre<span>\u00a0<\/span><strong>Misstifly<span>\u00a0<\/span><\/strong>con la fusta de<span>\u00a0<\/span><strong>Nico Valle.<\/strong><span>\u00a0<\/span>Firm\u00f3 el tr\u00edo ganador<span>\u00a0<\/span><strong>Testimonio<span>\u00a0<\/span><\/strong>con la silla de<span>\u00a0<\/span><strong>Cristina P\u00e9rez<\/strong><span>\u00a0<\/span>a casi dos cuerpos de la gemela.<\/p><p><b><span>Segunda para Janacek<\/span><\/b><\/p><p style=\"font-weight: 400;\">El<span>\u00a0<\/span><strong>Premio 101 Televisi\u00f3n<\/strong><span>\u00a0<\/span>fue la segunda carrera de la dominical. Se celebr\u00f3 en la pista de hierba sobre la distancia de 1.200 metros en la que se impuso<span>\u00a0<\/span><strong>Nordeste<span>\u00a0<\/span><\/strong>de la<span>\u00a0<\/span><strong>Cuadra La Bardena<\/strong><span>\u00a0<\/span>con la fusta de<span>\u00a0<\/span><strong>Vaclav Janacek,<\/strong><span>\u00a0<\/span>su segundo entorchado del d\u00eda. Esta prueba reservada para caballos y yeguas de cuatro a\u00f1os en adelante tuvo cinco ejemplares en liza en la que estuvo como puntero<span>\u00a0<\/span><strong>Eye Of Heaven<span>\u00a0<\/span><\/strong>con la silla del jockey argentino<span>\u00a0<\/span><strong>Nico Valle,<span>\u00a0<\/span><\/strong>que no pudo aguantar el empuje en la recta definitiva del ganador y de<span>\u00a0<\/span><strong>Incredit<span>\u00a0<\/span><\/strong>con la silla de<span>\u00a0<\/span><strong>Denisa Sikorova<\/strong><span>\u00a0<\/span>que entr\u00f3 a medio cuerpo del siete a\u00f1os entrenado por \u00c1ngel S\u00e1nchez.<\/p><p style=\"font-weight: 400;\"><strong>Reaparici\u00f3n con victoria de Fayos<\/strong><\/p><p style=\"font-weight: 400;\">La tercera prueba fue el<span>\u00a0<\/span><strong>Premio Muchodeporte.com ,<span>\u00a0<\/span><\/strong>segunda parte del h\u00e1ndicap dividido disputado sobre una distancia de 1.600 metros, con una amplia participaci\u00f3n de catorce ejemplares en la que result\u00f3 ganador<span>\u00a0<\/span><strong>Dabespir<span>\u00a0<\/span><\/strong>de la<span>\u00a0<\/span><strong>Cuadra So\u00f1ador<\/strong><span>\u00a0<\/span>con una gran monta de<span>\u00a0<\/span><strong>Borja Fayos<\/strong>, que reaparec\u00eda tras una ca\u00edda el pasado mes de diciembre. Esta carrera reservada para caballos y yeguas de cuatro a\u00f1os en adelante no tuvo demasiada historia ya que el seis a\u00f1os entrenado por<span>\u00a0<\/span><strong>Jessica Jim\u00e9nez<\/strong><span>\u00a0<\/span>se puso muy pronto en cabeza para no dejarla hasta el poste de meta. Entraron en el tr\u00edo ganador<span>\u00a0<\/span><strong>Peken<\/strong><span>\u00a0<\/span>con la fusta de<span>\u00a0<\/span><strong>Jaime Gelabert<span>\u00a0<\/span><\/strong>a un cuerpo del ganador<strong><span>\u00a0<\/span><\/strong>y<span>\u00a0<\/span><strong>Trujillo<\/strong><span>\u00a0<\/span>con la silla de<span>\u00a0<\/span><strong>V\u00edctor Manuel Valenzuela<span>\u00a0<\/span><\/strong>a un suspiro de la gemela.<\/p><p style=\"font-weight: 400;\">La cuarta entrega de la jornada fue la primera parte del h\u00e1ndicap dividido,<span>\u00a0<\/span><strong>Premio Recreaci\u00f3n Hist\u00f3rica Fuente de Rey,<\/strong><span>\u00a0<\/span>que tuvo como ganador a<span>\u00a0<\/span><strong>Robl\u00f3n<\/strong><span>\u00a0<\/span>de la<span>\u00a0<\/span><strong>Cuadra Martul<\/strong><span>\u00a0<\/span>con la silla de<span>\u00a0<\/span><strong>Nico Valle<\/strong>. Tuvo esta prueba hasta diez purasangres sobre el verde en la que el cuatro a\u00f1os entrenado por el argentino<span>\u00a0<\/span><strong>\u00d3scar Anaya<\/strong><span>\u00a0<\/span>fue marcando al puntero Tiger Bash para rematar con fuerza en la recta definitiva y hacerse con el primer puesto con gran decisi\u00f3n<strong>. One More Night<\/strong><span>\u00a0<\/span>y<strong><span>\u00a0<\/span>Afrodita<span>\u00a0<\/span><\/strong>en una ajustada llegada sellaron el tr\u00edo ganador viniendo desde atr\u00e1s del lote.\u00a0\u00a0<\/p><p style=\"font-weight: 400;\">Concluy\u00f3 esta dominical con el<span>\u00a0<\/span><strong>Premio Onda Cero<\/strong>, prueba celebrada sobre una distancia de 1.200 sobre la pista de arena. Esta carrera reservada para caballos y yeguas de cuatro a\u00f1os en adelante tuvo como ganador a<span>\u00a0<\/span><strong>Astimegoesby<span>\u00a0<\/span><\/strong>de la<strong><span>\u00a0<\/span>Cuadra Diazmor<span>\u00a0<\/span><\/strong>con una buena y trabajada monta de<strong><span>\u00a0<\/span>Nicol\u00e1s de Juli\u00e1n.<span>\u00a0<\/span><\/strong>Este seis a\u00f1os entrenado por<strong><span>\u00a0<\/span>Blas Rama<span>\u00a0<\/span><\/strong>esper\u00f3 su oportunidad en la recta final cuando marcaba al puntero<span>\u00a0<\/span><strong>Iery<span>\u00a0<\/span><\/strong>con la fusta de<strong><span>\u00a0<\/span>Cristina P\u00e9rez,<span>\u00a0<\/span><\/strong>que finalmente solo pudo entrar en la gemela a casi dos cuepros del ganador<strong>.<span>\u00a0<\/span><\/strong>Firm\u00f3 el tr\u00edo<span>\u00a0<\/span><strong>Brigadoon<span>\u00a0<\/span><\/strong>con la silla de<strong><span>\u00a0<\/span>Jaime Gelabert.<\/strong><\/p>\t\t\t\t\t\t\t\t<\/div>\n\t\t\t\t<\/div>\n\t\t\t\t\t<\/div>\n\t\t<\/div>\n\t\t\t\t\t<\/div>\n\t\t<\/section>\n\t\t\t\t<\/div>\n\t\t","protected":false},"excerpt":{"rendered":"<p>Doblete vencedor de V\u00e1clav Jan\u00e1\u010dek en el Gran Hip\u00f3dromo de Andaluc\u00eda V\u00e1clav Jan\u00e1cek con la monta de Nordeste cruza la l\u00ednea de meta \/ Esteban Romera El\u00a0Gran Hip\u00f3dromo de Andaluc\u00eda \u201cJavier Pi\u00f1ar Hafner\u201d de la localidad sevillana de Dos Hermanas\u00a0acogi\u00f3 la d\u00e9cima jornada de la temporada en la que destacaron<\/p>\n","protected":false},"author":5,"featured_media":2202,"comment_status":"closed","ping_status":"open","sticky":false,"template":"","format":"standard","meta":{"_monsterinsights_skip_tracking":false,"_themeisle_gutenberg_block_has_review":false,"footnotes":""},"categories":[4],"tags":[],"class_list":["post-2201","post","type-post","status-publish","format-standard","has-post-thumbnail","hentry","category-noticias"],"_links":{"self":[{"href":"https:\/\/www.granhipodromodeandalucia.es\/index.php?rest_route=\/wp\/v2\/posts\/2201","targetHints":{"allow":["GET"]}}],"collection":[{"href":"https:\/\/www.granhipodromodeandalucia.es\/index.php?rest_route=\/wp\/v2\/posts"}],"about":[{"href":"https:\/\/www.granhipodromodeandalucia.es\/index.php?rest_route=\/wp\/v2\/types\/post"}],"author":[{"embeddable":true,"href":"https:\/\/www.granhipodromodeandalucia.es\/index.php?rest_route=\/wp\/v2\/users\/5"}],"replies":[{"embeddable":true,"href":"https:\/\/www.granhipodromodeandalucia.es\/index.php?rest_route=%2Fwp%2Fv2%2Fcomments&post=2201"}],"version-history":[{"count":3,"href":"https:\/\/www.granhipodromodeandalucia.es\/index.php?rest_route=\/wp\/v2\/posts\/2201\/revisions"}],"predecessor-version":[{"id":2205,"href":"https:\/\/www.granhipodromodeandalucia.es\/index.php?rest_route=\/wp\/v2\/posts\/2201\/revisions\/2205"}],"wp:featuredmedia":[{"embeddable":true,"href":"https:\/\/www.granhipodromodeandalucia.es\/index.php?rest_route=\/wp\/v2\/media\/2202"}],"wp:attachment":[{"href":"https:\/\/www.granhipodromodeandalucia.es\/index.php?rest_route=%2Fwp%2Fv2%2Fmedia&parent=2201"}],"wp:term":[{"taxonomy":"category","embeddable":true,"href":"https:\/\/www.granhipodromodeandalucia.es\/index.php?rest_route=%2Fwp%2Fv2%2Fcategories&post=2201"},{"taxonomy":"post_tag","embeddable":true,"href":"https:\/\/www.granhipodromodeandalucia.es\/index.php?rest_route=%2Fwp%2Fv2%2Ftags&post=2201"}],"curies":[{"name":"wp","href":"https:\/\/api.w.org\/{rel}","templated":true}]}}